{"id":1355,"date":"2023-09-18T20:12:24","date_gmt":"2023-09-18T18:12:24","guid":{"rendered":"http:\/\/ijp.uw.edu.pl\/?p=1355"},"modified":"2023-09-18T20:12:46","modified_gmt":"2023-09-18T18:12:46","slug":"konferencjaksztaltowanie-sie-terminologii-w-jezykach-nowozytnych-antecedencje-paralele-rozbieznosci","status":"publish","type":"post","link":"https:\/\/ijp.uw.edu.pl\/index.php\/2023\/09\/18\/konferencjaksztaltowanie-sie-terminologii-w-jezykach-nowozytnych-antecedencje-paralele-rozbieznosci\/","title":{"rendered":"Konferencja&#8221;Kszta\u0142towanie si\u0119 terminologii w j\u0119zykach nowo\u017cytnych. Antecedencje &#8211; paralele &#8211; rozbie\u017cno\u015bci&#8221;"},"content":{"rendered":"\n<p>Zapraszamy serdecznie do zg\u0142aszania abstrakt\u00f3w na mi\u0119dzynarodow\u0105 konferencj\u0119: <\/p>\n\n\n\n<h3 class=\"has-text-align-center\"><strong>Kszta\u0142towanie si\u0119 terminologii gramatycznej w j\u0119zykach nowo\u017cytnych.\u00a0<\/strong><gwmw style=\"display:none;\"><gwmw style=\"display:none;\"><\/gwmw><gwmw style=\"display:none;\"><\/h3>\n\n\n\n<h4 class=\"has-text-align-center\"><strong>Antecedencje \u2013 paralele \u2013 rozbie\u017cno\u015bci\u00a0<\/strong><gwmw style=\"display:none;\"><gwmw style=\"display:none;\"><\/h4>\n\n\n\n<p>kt\u00f3ra odb\u0119dzie si\u0119 <strong>15\u201317 lutego 2024 <\/strong>roku w <strong>Warszawie<\/strong>. <strong>\u00a0<\/strong><\/p>\n\n\n\n<p>Konferencja jest zwi\u0105zana z pracami nad <em>S\u0142ownikiem historycznym termin\u00f3w gramatycznych online <\/em>(<a href=\"https:\/\/shtg.uw.edu.pl\/\" target=\"_blank\" rel=\"noreferrer noopener\">https:\/\/shtg.uw.edu.pl\/<\/a>), kt\u00f3ry powstaje na Wydziale Polonistyki Uniwersytetu Warszawskiego.\u00a0<\/p>\n\n\n\n<p>Konferencja jest organizowana przez  Pracowni\u0119 Historii J\u0119zyka Polskiego UW\u00a0oraz Instytut J\u0119zyka Polskiego UW. <\/p>\n\n\n\n<p>Abstrakty nale\u017cy przesy\u0142a\u0107 <strong>do 15 pa\u017adziernika 2023 roku<\/strong>.\u00a0Potwierdzenia akceptacji referatu wy\u015blemy do <strong>30 listopada 2023 roku<\/strong>.\u00a0G\u0142\u00f3wnymi j\u0119zykami konferencji b\u0119d\u0105 polski i angielski. Obrady w sekcjach b\u0119d\u0105 odbywa\u0107 si\u0119 r\u00f3wnie\u017c w j\u0119zykach francuskim, niemieckim, rosyjskim (w zale\u017cno\u015bci od liczby zg\u0142osze\u0144).\u00a0<gwmw style=\"display:none;\">Na ka\u017cdy referat przewidujemy po 20 minut plus 10 minut na dyskusj\u0119.\u00a0<gwmw style=\"display:none;\"><\/gwmw><\/p>\n\n\n\n<p>Pozytywnie zrecenzowane referaty zostan\u0105 opublikowane.\u00a0Teksty do publikacji nale\u017cy przes\u0142a\u0107 w nieprzekraczalnym terminie do <strong>1 marca 2024 <\/strong>roku.\u00a0<gwmw style=\"display:none;\">.\u00a0<\/gwmw><\/p>\n\n\n\n<p>Udzia\u0142 w konferencji, materia\u0142y konferencyjne, przerwy kawowe oraz publikacja zaakceptowanych referat\u00f3w s\u0105 bezp\u0142atne.\u00a0Pozosta\u0142e koszty (np. przejazdy, zakwaterowanie) ponosz\u0105 uczestnicy lub instytucje deleguj\u0105ce.\u00a0<\/p>\n\n\n\n<p>Kontakt: <a href=\"maito:shtg.konferencja@uw.edu.pl\" data-type=\"URL\" data-id=\"maito:shtg.konferencja@uw.edu.pl\">shtg.konferencja@uw.edu.pl\u00a0<\/a><\/p>\n\n\n\n<p>Komitet Organizacyjny konferencji\u00a0<gwmw style=\"display:none;\"><\/p>\n\n\n\n<ul><li>dr hab. Wanda Decyk-Zi\u0119ba (IJP UW)\u00a0<\/li><li>dr hab., prof. UW Anna Just (IG UW)\u00a0<\/li><li>dr hab. Monika Kresa (IJP UW)\u00a0<\/li><li>dr Izabela St\u0105por (IJP UW)\u00a0<\/li><li>dr Aleksandra \u017burek-Huszcz (IJP UW)\u00a0<\/li><\/ul>\n\n\n\n<p><a href=\"https:\/\/docs.google.com\/forms\/d\/e\/1FAIpQLSfAV1k4fq-YU6Qr1IDdp2ryQ59n2pKxS3IxRlEH7EUJz3FAHA\/viewform\" data-type=\"URL\" data-id=\"https:\/\/docs.google.com\/forms\/d\/e\/1FAIpQLSfAV1k4fq-YU6Qr1IDdp2ryQ59n2pKxS3IxRlEH7EUJz3FAHA\/viewform\" target=\"_blank\" rel=\"noreferrer noopener\">Formularz zg\u0142oszeniowy<\/a><\/p>\n\n\n\n<p>Szczeg\u00f3\u0142owe informacje w za\u0142\u0105czonych zaproszeniach.<\/p>\n\n\n\n<div class=\"wp-block-file\"><a href=\"http:\/\/ijp.uw.edu.pl\/wp-content\/uploads\/2023\/09\/konferencja-SHTG-PL.pdf\">konferencja-SHTG-PL<\/a><a href=\"http:\/\/ijp.uw.edu.pl\/wp-content\/uploads\/2023\/09\/konferencja-SHTG-PL.pdf\" class=\"wp-block-file__button\" download>Pobierz<\/a><\/div>\n\n\n\n<div class=\"wp-block-file\"><a href=\"http:\/\/ijp.uw.edu.pl\/wp-content\/uploads\/2023\/09\/konferencja-SHTG-EN.pdf\">konferencja-SHTG-EN<\/a><a href=\"http:\/\/ijp.uw.edu.pl\/wp-content\/uploads\/2023\/09\/konferencja-SHTG-EN.pdf\" class=\"wp-block-file__button\" download>Pobierz<\/a><\/div>\n","protected":false},"excerpt":{"rendered":"<p>Zapraszamy serdecznie do zg\u0142aszania abstrakt\u00f3w na mi\u0119dzynarodow\u0105 konferencj\u0119: Kszta\u0142towanie si\u0119 terminologii gramatycznej w j\u0119zykach nowo\u017cytnych.\u00a0 Antecedencje \u2013 paralele \u2013 rozbie\u017cno\u015bci\u00a0 kt\u00f3ra odb\u0119dzie si\u0119 15\u201317 lutego 2024 roku w Warszawie. \u00a0&hellip;<\/p>\n","protected":false},"author":1,"featured_media":0,"comment_status":"closed","ping_status":"closed","sticky":false,"template":"","format":"standard","meta":[],"categories":[19,33,31],"tags":[],"_links":{"self":[{"href":"https:\/\/ijp.uw.edu.pl\/index.php\/wp-json\/wp\/v2\/posts\/1355"}],"collection":[{"href":"https:\/\/ijp.uw.edu.pl\/index.php\/wp-json\/wp\/v2\/posts"}],"about":[{"href":"https:\/\/ijp.uw.edu.pl\/index.php\/wp-json\/wp\/v2\/types\/post"}],"author":[{"embeddable":true,"href":"https:\/\/ijp.uw.edu.pl\/index.php\/wp-json\/wp\/v2\/users\/1"}],"replies":[{"embeddable":true,"href":"https:\/\/ijp.uw.edu.pl\/index.php\/wp-json\/wp\/v2\/comments?post=1355"}],"version-history":[{"count":1,"href":"https:\/\/ijp.uw.edu.pl\/index.php\/wp-json\/wp\/v2\/posts\/1355\/revisions"}],"predecessor-version":[{"id":1358,"href":"https:\/\/ijp.uw.edu.pl\/index.php\/wp-json\/wp\/v2\/posts\/1355\/revisions\/1358"}],"wp:attachment":[{"href":"https:\/\/ijp.uw.edu.pl\/index.php\/wp-json\/wp\/v2\/media?parent=1355"}],"wp:term":[{"taxonomy":"category","embeddable":true,"href":"https:\/\/ijp.uw.edu.pl\/index.php\/wp-json\/wp\/v2\/categories?post=1355"},{"taxonomy":"post_tag","embeddable":true,"href":"https:\/\/ijp.uw.edu.pl\/index.php\/wp-json\/wp\/v2\/tags?post=1355"}],"curies":[{"name":"wp","href":"https:\/\/api.w.org\/{rel}","templated":true}]}}