{"id":1435,"date":"2024-02-06T18:26:23","date_gmt":"2024-02-06T17:26:23","guid":{"rendered":"http:\/\/ijp.uw.edu.pl\/?p=1435"},"modified":"2024-02-06T18:26:23","modified_gmt":"2024-02-06T17:26:23","slug":"konferencja-ksztaltowanie-sie-terminologii-gramatycznej-w-jezykach-nowozytnych-antecedencje-paralele-rozbieznosci","status":"publish","type":"post","link":"https:\/\/ijp.uw.edu.pl\/index.php\/2024\/02\/06\/konferencja-ksztaltowanie-sie-terminologii-gramatycznej-w-jezykach-nowozytnych-antecedencje-paralele-rozbieznosci\/","title":{"rendered":"Konferencja \u201cKszta\u0142towanie si\u0119 terminologii gramatycznej w j\u0119zykach nowo\u017cytnych. Antecedencje \u2013 paralele \u2013 rozbie\u017cno\u015bci\u201d"},"content":{"rendered":"\n<p>W imieniu organizator\u00f3w zapraszamy na konferencj\u0119 naukow\u0105  \u201eKszta\u0142towanie si\u0119 terminologii gramatycznej w j\u0119zykach nowo\u017cytnych. Antecedencje \u2013 paralele \u2013 rozbie\u017cno\u015bci\u201d, kt\u00f3ra odb\u0119dzie si\u0119 w dniach 15\u201317 lutego 2024 w Bibliotece Uniwersyteckiej w Warszawie (ulica Dobra 56\/66), w sali 316 (III pi\u0119tro). Referaty w j\u0119zykach obcych b\u0119d\u0105 t\u0142umaczone symultanicznie. <br><\/p>\n\n\n\n<div class=\"wp-block-file\"><a href=\"http:\/\/ijp.uw.edu.pl\/wp-content\/uploads\/2024\/02\/Program-PL.pdf\">Program<\/a><a href=\"http:\/\/ijp.uw.edu.pl\/wp-content\/uploads\/2024\/02\/Program-PL.pdf\" class=\"wp-block-file__button\" download>Pobierz<\/a><\/div>\n\n\n\n<figure class=\"wp-block-image size-large\"><img loading=\"lazy\" width=\"1024\" height=\"712\" src=\"http:\/\/ijp.uw.edu.pl\/wp-content\/uploads\/2024\/02\/image-1024x712.png\" alt=\"\" class=\"wp-image-1436\" srcset=\"https:\/\/ijp.uw.edu.pl\/wp-content\/uploads\/2024\/02\/image-1024x712.png 1024w, https:\/\/ijp.uw.edu.pl\/wp-content\/uploads\/2024\/02\/image-300x208.png 300w, https:\/\/ijp.uw.edu.pl\/wp-content\/uploads\/2024\/02\/image-768x534.png 768w, https:\/\/ijp.uw.edu.pl\/wp-content\/uploads\/2024\/02\/image-140x97.png 140w, https:\/\/ijp.uw.edu.pl\/wp-content\/uploads\/2024\/02\/image.png 1239w\" sizes=\"(max-width: 1024px) 100vw, 1024px\" \/><\/figure>\n","protected":false},"excerpt":{"rendered":"<p>W imieniu organizator\u00f3w zapraszamy na konferencj\u0119 naukow\u0105 \u201eKszta\u0142towanie si\u0119 terminologii gramatycznej w j\u0119zykach nowo\u017cytnych. Antecedencje \u2013 paralele \u2013 rozbie\u017cno\u015bci\u201d, kt\u00f3ra odb\u0119dzie si\u0119 w dniach 15\u201317 lutego 2024 w Bibliotece Uniwersyteckiej&hellip;<\/p>\n","protected":false},"author":1,"featured_media":0,"comment_status":"closed","ping_status":"closed","sticky":false,"template":"","format":"standard","meta":[],"categories":[19,33,31],"tags":[],"_links":{"self":[{"href":"https:\/\/ijp.uw.edu.pl\/index.php\/wp-json\/wp\/v2\/posts\/1435"}],"collection":[{"href":"https:\/\/ijp.uw.edu.pl\/index.php\/wp-json\/wp\/v2\/posts"}],"about":[{"href":"https:\/\/ijp.uw.edu.pl\/index.php\/wp-json\/wp\/v2\/types\/post"}],"author":[{"embeddable":true,"href":"https:\/\/ijp.uw.edu.pl\/index.php\/wp-json\/wp\/v2\/users\/1"}],"replies":[{"embeddable":true,"href":"https:\/\/ijp.uw.edu.pl\/index.php\/wp-json\/wp\/v2\/comments?post=1435"}],"version-history":[{"count":1,"href":"https:\/\/ijp.uw.edu.pl\/index.php\/wp-json\/wp\/v2\/posts\/1435\/revisions"}],"predecessor-version":[{"id":1438,"href":"https:\/\/ijp.uw.edu.pl\/index.php\/wp-json\/wp\/v2\/posts\/1435\/revisions\/1438"}],"wp:attachment":[{"href":"https:\/\/ijp.uw.edu.pl\/index.php\/wp-json\/wp\/v2\/media?parent=1435"}],"wp:term":[{"taxonomy":"category","embeddable":true,"href":"https:\/\/ijp.uw.edu.pl\/index.php\/wp-json\/wp\/v2\/categories?post=1435"},{"taxonomy":"post_tag","embeddable":true,"href":"https:\/\/ijp.uw.edu.pl\/index.php\/wp-json\/wp\/v2\/tags?post=1435"}],"curies":[{"name":"wp","href":"https:\/\/api.w.org\/{rel}","templated":true}]}}