{"id":1462,"date":"2024-03-08T21:03:37","date_gmt":"2024-03-08T20:03:37","guid":{"rendered":"http:\/\/ijp.uw.edu.pl\/?p=1462"},"modified":"2024-03-08T21:05:22","modified_gmt":"2024-03-08T20:05:22","slug":"czwartkowe-spotkania-lingwistyczne-21-03-2024","status":"publish","type":"post","link":"https:\/\/ijp.uw.edu.pl\/index.php\/2024\/03\/08\/czwartkowe-spotkania-lingwistyczne-21-03-2024\/","title":{"rendered":"Czwartkowe spotkania lingwistyczne 21.03.2024"},"content":{"rendered":"\n<p>Zapraszamy serdecznie na kolejne spotkanie w ramach Czwartkowych spotka\u0144 lingwistycznych. Tym razem b\u0119dziemy go\u015bci\u0107 prof. Jadwig\u0119 Linde-Usiekniewicz (UW) oraz dr Sylwi\u0119 \u0141ozi\u0144sk\u0105 (UW) z Katedry J\u0119zykoznawstwa Og\u00f3lnego, Migowego i Ba\u0142tystyki.<\/p>\n\n\n\n<p>Spotkanie odb\u0119dzie si\u0119 jak zwykle na platformie Zoom 21 marca w godz. 13.15-14.45. <br><br><a rel=\"noreferrer noopener\" href=\"https:\/\/uw-edu-pl.zoom.us\/j\/93753178146\" target=\"_blank\">https:\/\/uw-edu-pl.zoom.us\/j\/93753178146<\/a><\/p>\n\n\n\n<p>Jadwiga Linde-Usiekniewicz, Sylwia \u0141ozi\u0144ska<br><strong>W poszukiwaniu wp\u0142yw\u00f3w XIX-wiecznych s\u0142ownik\u00f3w j\u0119zyka polskiego na najstarszy s\u0142ownik polskiego j\u0119zyka migowego, <em>S\u0142ownik mimiczny dla g\u0142uchoniemych i os\u00f3b z nimi styczno\u015b\u0107 z nimi maj\u0105cych<\/em>, opracowany przez X. J\u00f3zefa Hollaka i Teofila Jagodzi\u0144skiego i wydany w 1879 r.<\/strong><\/p>\n\n\n\n<p><strong>Streszczenie<\/strong><br>W odniesieniu do S\u0142ownika mimicznego dla g\u0142uchoniemych i os\u00f3b z nimi styczno\u015b\u0107 z nimi maj\u0105cych nie zachowa\u0142a si\u0119 \u017cadna dokumentacja, dotycz\u0105ca okoliczno\u015bci jego powstania. Nie wiadomo zatem, jakimi publikacjami autorzy si\u0119 inspirowali przy opracowywaniu S\u0142ownika. Jedyne mo\u017cliwe metody ustalania ewentualnych inspiracji to por\u00f3wnanie S\u0142ownika z innymi publikacjami s\u0142ownikowymi.<br>W wyst\u0105pieniu reprezentuj\u0105cym nasze wsp\u00f3lne badania om\u00f3wi\u0119 pr\u00f3by ustalenia, czy i w jakim stopniu mo\u017cna wykaza\u0107 inspiracj\u0119 kt\u00f3rymkolwiek z trzech dost\u0119pnych w chwili tworzenia S\u0142ownika mimicznego s\u0142ownik\u00f3w j\u0119zyka polskiego: S\u0142ownika Lindego (1807-1814), S\u0142ownika j\u0119zyka polskiego pod\u0142ug Lindego i innych nowszych \u017ar\u00f3de\u0142 wypracowanego przez E. Rykaczewskiego (1866) i S\u0142ownika Wile\u0144skiego (1961).<br>Materia\u0142 por\u00f3wnawczy obejmuje pisowni\u0119 i kolejno\u015b\u0107 alfabetyczn\u0105 hase\u0142, kierunek odsy\u0142aczy i zawarto\u015b\u0107 wybranych hase\u0142. W wyst\u0105pieniu wyja\u015bnimy, dlaczego nie mo\u017cna by\u0142o wzi\u0105\u0107 pod uwag\u0119 innych standardowo uwzgl\u0119dnianych w badaniach nad wp\u0142ywem jednych dzie\u0142 leksykograficznych na inne: pe\u0142nych list hase\u0142, podzia\u0142u na znaczenia w obr\u0119bie hase\u0142 oraz materia\u0142u przyk\u0142adowego.<\/p>\n","protected":false},"excerpt":{"rendered":"<p>Zapraszamy serdecznie na kolejne spotkanie w ramach Czwartkowych spotka\u0144 lingwistycznych. Tym razem b\u0119dziemy go\u015bci\u0107 prof. Jadwig\u0119 Linde-Usiekniewicz (UW) oraz dr Sylwi\u0119 \u0141ozi\u0144sk\u0105 (UW) z Katedry J\u0119zykoznawstwa Og\u00f3lnego, Migowego i Ba\u0142tystyki.&hellip;<\/p>\n","protected":false},"author":1,"featured_media":0,"comment_status":"closed","ping_status":"closed","sticky":false,"template":"","format":"standard","meta":[],"categories":[19,31,10],"tags":[],"_links":{"self":[{"href":"https:\/\/ijp.uw.edu.pl\/index.php\/wp-json\/wp\/v2\/posts\/1462"}],"collection":[{"href":"https:\/\/ijp.uw.edu.pl\/index.php\/wp-json\/wp\/v2\/posts"}],"about":[{"href":"https:\/\/ijp.uw.edu.pl\/index.php\/wp-json\/wp\/v2\/types\/post"}],"author":[{"embeddable":true,"href":"https:\/\/ijp.uw.edu.pl\/index.php\/wp-json\/wp\/v2\/users\/1"}],"replies":[{"embeddable":true,"href":"https:\/\/ijp.uw.edu.pl\/index.php\/wp-json\/wp\/v2\/comments?post=1462"}],"version-history":[{"count":3,"href":"https:\/\/ijp.uw.edu.pl\/index.php\/wp-json\/wp\/v2\/posts\/1462\/revisions"}],"predecessor-version":[{"id":1465,"href":"https:\/\/ijp.uw.edu.pl\/index.php\/wp-json\/wp\/v2\/posts\/1462\/revisions\/1465"}],"wp:attachment":[{"href":"https:\/\/ijp.uw.edu.pl\/index.php\/wp-json\/wp\/v2\/media?parent=1462"}],"wp:term":[{"taxonomy":"category","embeddable":true,"href":"https:\/\/ijp.uw.edu.pl\/index.php\/wp-json\/wp\/v2\/categories?post=1462"},{"taxonomy":"post_tag","embeddable":true,"href":"https:\/\/ijp.uw.edu.pl\/index.php\/wp-json\/wp\/v2\/tags?post=1462"}],"curies":[{"name":"wp","href":"https:\/\/api.w.org\/{rel}","templated":true}]}}