{"id":1609,"date":"2024-10-11T11:41:48","date_gmt":"2024-10-11T09:41:48","guid":{"rendered":"http:\/\/ijp.uw.edu.pl\/?p=1609"},"modified":"2024-10-11T11:41:48","modified_gmt":"2024-10-11T09:41:48","slug":"czwartkowe-spotkania-lingwistyczne-17-10-2024","status":"publish","type":"post","link":"https:\/\/ijp.uw.edu.pl\/index.php\/2024\/10\/11\/czwartkowe-spotkania-lingwistyczne-17-10-2024\/","title":{"rendered":"Czwartkowe spotkania lingwistyczne 17.10.2024"},"content":{"rendered":"\n<p>Szanowni Pa\u0144stwo,\u00a0zapraszamy serdecznie na nasze pierwsze spotkanie w nowym roku akademickim. Referat pt. <em>Korpus Wsp\u00f3\u0142czesnego J\u0119zyka Polskiego (kwjp.pl) &#8211; nowy korpus referencyjny<\/em> wyg\u0142osi Marek \u0141azi\u0144ski (IJP UW).\u00a0Spotkanie odb\u0119dzie si\u0119 17 pa\u017adziernika o 13.15 na platformie <a rel=\"noreferrer noopener\" href=\"https:\/\/uw-edu-pl.zoom.us\/j\/95481029547\" target=\"_blank\">Zoom<\/a>.<\/p>\n\n\n\n<p><a href=\"https:\/\/uw-edu-pl.zoom.us\/j\/95481029547\">https:\/\/uw-edu-pl.zoom.us\/j\/95481029547<\/a><\/p>\n\n\n\n<p><strong>STRESZCZENIE<\/strong><br>W wyk\u0142adzie, a&nbsp; w\u0142a\u015bciwie prezentacji om\u00f3wi\u0119 podstawowe cechy oraz mo\u017cliwo\u015bci wyszukiwania Korpusu Wsp\u00f3\u0142czesnego J\u0119zyka Polskiego (<a href=\"http:\/\/kwjp.pl\/\" rel=\"noreferrer noopener\" target=\"_blank\">kwjp.pl<\/a>). Jest to nowy korpus referencyjny, powsta\u0142y w Instytucie Podstaw Informatyki PAN w ramach projektu DARIAH (by\u0142em cz\u0142onkiem tego projektu). Korpus zawiera teksty pisane redagowane (bez medi\u00f3w spo\u0142eczno\u015bciowych) od roku 2010. Cz\u0119\u015b\u0107 zr\u00f3wnowa\u017cona korpusu liczy 100 milion\u00f3 s\u0142\u00f3w i sk\u0142ada si\u0119 mniej wi\u0119cej po r\u00f3wno z tekst\u00f3w wiadomo\u015bci prasowych, literatury fikcjonalnej raz tekst\u00f3w non-fiction z uwzgl\u0119dnieniem r\u00f3\u017cnorodno\u015bci gatunkowej, rejestrowej, socjologicznej, geograficznej i innej.<br>Wyszukiwanie oparte jest na platformie MTAS znanej m.in. z serwisu Korpusomat lub Korpusu Dyskursu Parlamentarnego. Wyszukiwarka umo\u017cliwia szukanie form, leksem\u00f3w i tag\u00f3w gramatycznych (warto\u015bci kategorii). W por\u00f3wnaniu z&nbsp; Narodowym Korpusem J\u0119zyka Polskiego bardzo \u0142atwe jest grupowanie wynik\u00f3w i tworzenie statystyk. Nowo\u015bci\u0105 jest reprezentacja sk\u0142adniowa i drzewa sk\u0142adnikowo-zale\u017cno\u015bciowe dla ka\u017cdego zdania.<br>Na podstawie statystyk korpusu om\u00f3wi\u0119 niekt\u00f3re tendencje w rozwoju s\u0142ownictwa ostatnich pi\u0119tnastu lat (nie tylko w kwestii feminatyw\u00f3w).<\/p>\n\n\n\n<p><\/p>\n","protected":false},"excerpt":{"rendered":"<p>Szanowni Pa\u0144stwo,\u00a0zapraszamy serdecznie na nasze pierwsze spotkanie w nowym roku akademickim. Referat pt. Korpus Wsp\u00f3\u0142czesnego J\u0119zyka Polskiego (kwjp.pl) &#8211; nowy korpus referencyjny wyg\u0142osi Marek \u0141azi\u0144ski (IJP UW).\u00a0Spotkanie odb\u0119dzie si\u0119 17&hellip;<\/p>\n","protected":false},"author":1,"featured_media":0,"comment_status":"closed","ping_status":"closed","sticky":false,"template":"","format":"standard","meta":[],"categories":[19,31,10],"tags":[],"_links":{"self":[{"href":"https:\/\/ijp.uw.edu.pl\/index.php\/wp-json\/wp\/v2\/posts\/1609"}],"collection":[{"href":"https:\/\/ijp.uw.edu.pl\/index.php\/wp-json\/wp\/v2\/posts"}],"about":[{"href":"https:\/\/ijp.uw.edu.pl\/index.php\/wp-json\/wp\/v2\/types\/post"}],"author":[{"embeddable":true,"href":"https:\/\/ijp.uw.edu.pl\/index.php\/wp-json\/wp\/v2\/users\/1"}],"replies":[{"embeddable":true,"href":"https:\/\/ijp.uw.edu.pl\/index.php\/wp-json\/wp\/v2\/comments?post=1609"}],"version-history":[{"count":1,"href":"https:\/\/ijp.uw.edu.pl\/index.php\/wp-json\/wp\/v2\/posts\/1609\/revisions"}],"predecessor-version":[{"id":1610,"href":"https:\/\/ijp.uw.edu.pl\/index.php\/wp-json\/wp\/v2\/posts\/1609\/revisions\/1610"}],"wp:attachment":[{"href":"https:\/\/ijp.uw.edu.pl\/index.php\/wp-json\/wp\/v2\/media?parent=1609"}],"wp:term":[{"taxonomy":"category","embeddable":true,"href":"https:\/\/ijp.uw.edu.pl\/index.php\/wp-json\/wp\/v2\/categories?post=1609"},{"taxonomy":"post_tag","embeddable":true,"href":"https:\/\/ijp.uw.edu.pl\/index.php\/wp-json\/wp\/v2\/tags?post=1609"}],"curies":[{"name":"wp","href":"https:\/\/api.w.org\/{rel}","templated":true}]}}