{"id":1686,"date":"2025-02-24T09:43:02","date_gmt":"2025-02-24T08:43:02","guid":{"rendered":"http:\/\/ijp.uw.edu.pl\/?p=1686"},"modified":"2025-02-24T09:43:02","modified_gmt":"2025-02-24T08:43:02","slug":"final-6-konkursu-gojp2","status":"publish","type":"post","link":"https:\/\/ijp.uw.edu.pl\/index.php\/2025\/02\/24\/final-6-konkursu-gojp2\/","title":{"rendered":"Fina\u0142 6 konkursu GOJP2"},"content":{"rendered":"\n<p>W imieniu organizator\u00f3w serdecznie zapraszam na sz\u00f3sty fina\u0142 konkursu dla uczestnik\u00f3w\u00a0zaj\u0119\u0107 z GOJP-u II. Tegoroczne spotkanie ze studentami II roku odb\u0119dzie si\u0119\u00a0we\u00a0<strong>wtorek 4 marca o godz. 13.20, w sali 37<\/strong>\u00a0na naszym wydziale.<\/p>\n\n\n\n<figure class=\"wp-block-image size-large\"><img loading=\"lazy\" width=\"768\" height=\"1024\" src=\"https:\/\/ijp.uw.edu.pl\/wp-content\/uploads\/2025\/02\/IMG_1633-768x1024.jpeg\" alt=\"\" class=\"wp-image-1687\" srcset=\"https:\/\/ijp.uw.edu.pl\/wp-content\/uploads\/2025\/02\/IMG_1633-768x1024.jpeg 768w, https:\/\/ijp.uw.edu.pl\/wp-content\/uploads\/2025\/02\/IMG_1633-225x300.jpeg 225w, https:\/\/ijp.uw.edu.pl\/wp-content\/uploads\/2025\/02\/IMG_1633-1152x1536.jpeg 1152w, https:\/\/ijp.uw.edu.pl\/wp-content\/uploads\/2025\/02\/IMG_1633-1536x2048.jpeg 1536w, https:\/\/ijp.uw.edu.pl\/wp-content\/uploads\/2025\/02\/IMG_1633-140x187.jpeg 140w, https:\/\/ijp.uw.edu.pl\/wp-content\/uploads\/2025\/02\/IMG_1633.jpeg 1575w\" sizes=\"(max-width: 768px) 100vw, 768px\" \/><\/figure>\n\n\n\n<figure class=\"wp-block-image size-large\"><img loading=\"lazy\" width=\"724\" height=\"1024\" src=\"https:\/\/ijp.uw.edu.pl\/wp-content\/uploads\/2025\/02\/IMG_1634-724x1024.jpeg\" alt=\"\" class=\"wp-image-1688\" srcset=\"https:\/\/ijp.uw.edu.pl\/wp-content\/uploads\/2025\/02\/IMG_1634-724x1024.jpeg 724w, https:\/\/ijp.uw.edu.pl\/wp-content\/uploads\/2025\/02\/IMG_1634-212x300.jpeg 212w, https:\/\/ijp.uw.edu.pl\/wp-content\/uploads\/2025\/02\/IMG_1634-768x1086.jpeg 768w, https:\/\/ijp.uw.edu.pl\/wp-content\/uploads\/2025\/02\/IMG_1634-1086x1536.jpeg 1086w, https:\/\/ijp.uw.edu.pl\/wp-content\/uploads\/2025\/02\/IMG_1634-140x198.jpeg 140w, https:\/\/ijp.uw.edu.pl\/wp-content\/uploads\/2025\/02\/IMG_1634.jpeg 1241w\" sizes=\"(max-width: 724px) 100vw, 724px\" \/><\/figure>\n","protected":false},"excerpt":{"rendered":"<p>W imieniu organizator\u00f3w serdecznie zapraszam na sz\u00f3sty fina\u0142 konkursu dla uczestnik\u00f3w\u00a0zaj\u0119\u0107 z GOJP-u II. Tegoroczne spotkanie ze studentami II roku odb\u0119dzie si\u0119\u00a0we\u00a0wtorek 4 marca o godz. 13.20, w sali 37\u00a0na&hellip;<\/p>\n","protected":false},"author":1,"featured_media":0,"comment_status":"closed","ping_status":"closed","sticky":false,"template":"","format":"standard","meta":[],"categories":[19,32],"tags":[],"_links":{"self":[{"href":"https:\/\/ijp.uw.edu.pl\/index.php\/wp-json\/wp\/v2\/posts\/1686"}],"collection":[{"href":"https:\/\/ijp.uw.edu.pl\/index.php\/wp-json\/wp\/v2\/posts"}],"about":[{"href":"https:\/\/ijp.uw.edu.pl\/index.php\/wp-json\/wp\/v2\/types\/post"}],"author":[{"embeddable":true,"href":"https:\/\/ijp.uw.edu.pl\/index.php\/wp-json\/wp\/v2\/users\/1"}],"replies":[{"embeddable":true,"href":"https:\/\/ijp.uw.edu.pl\/index.php\/wp-json\/wp\/v2\/comments?post=1686"}],"version-history":[{"count":1,"href":"https:\/\/ijp.uw.edu.pl\/index.php\/wp-json\/wp\/v2\/posts\/1686\/revisions"}],"predecessor-version":[{"id":1689,"href":"https:\/\/ijp.uw.edu.pl\/index.php\/wp-json\/wp\/v2\/posts\/1686\/revisions\/1689"}],"wp:attachment":[{"href":"https:\/\/ijp.uw.edu.pl\/index.php\/wp-json\/wp\/v2\/media?parent=1686"}],"wp:term":[{"taxonomy":"category","embeddable":true,"href":"https:\/\/ijp.uw.edu.pl\/index.php\/wp-json\/wp\/v2\/categories?post=1686"},{"taxonomy":"post_tag","embeddable":true,"href":"https:\/\/ijp.uw.edu.pl\/index.php\/wp-json\/wp\/v2\/tags?post=1686"}],"curies":[{"name":"wp","href":"https:\/\/api.w.org\/{rel}","templated":true}]}}