{"id":1691,"date":"2025-03-05T17:04:32","date_gmt":"2025-03-05T16:04:32","guid":{"rendered":"http:\/\/ijp.uw.edu.pl\/?p=1691"},"modified":"2025-03-05T17:05:02","modified_gmt":"2025-03-05T16:05:02","slug":"7-nazewnicza-konferencja-naukowa-slady-przypadki-drogowskazy","status":"publish","type":"post","link":"https:\/\/ijp.uw.edu.pl\/index.php\/2025\/03\/05\/7-nazewnicza-konferencja-naukowa-slady-przypadki-drogowskazy\/","title":{"rendered":"7. Nazewnicza Konferencja Naukowa \u201e\u015alady, przypadki, drogowskazy\u201d"},"content":{"rendered":"\n<p>Serdecznie zapraszamy do wzi\u0119cia udzia\u0142u w\u00a0<strong>7. Nazewniczej Konferencji Naukowej\u00a0\u201e\u015alady, przypadki, drogowskazy\u201d<\/strong>, kt\u00f3ra odb\u0119dzie si\u0119\u00a0<strong>26-28 maja br.\u00a0<\/strong>w Warszawie (przewidziana jest tak\u017ce transmisja online). Konferencja jest organizowana przez warszawski Zesp\u00f3\u0142 Nazewnictwa Miejskiego, Biuro Kultury Urz\u0119du\u00a0<a rel=\"noreferrer noopener\" href=\"http:\/\/m.st\/\" target=\"_blank\">m.st<\/a>. Warszawy, Instytut J\u0119zyka Polskiego Wydzia\u0142u Polonistyki UW, Wydzia\u0142 Historii UW, Wydzia\u0142 Geografii i Studi\u00f3w Regionalnych UW, Obserwatorium J\u0119zykowe UW. Udzia\u0142 w konferencji jest bezp\u0142atny. <br>Zach\u0119camy pracownik\u00f3w naukowych, doktorant\u00f3w, student\u00f3w zainteresowanych tematyk\u0105 onomastyczn\u0105 do nadsy\u0142ania zg\u0142osze\u0144 do 13 kwietnia: \u00a0<a rel=\"noreferrer noopener\" href=\"https:\/\/docs.google.com\/forms\/d\/e\/1FAIpQLSexTzx6Bo5RvJKs06ypo8V0SnW3Mj4LHQfR0nZPWcpFAq5zEg\/viewform?usp=sf_link\" target=\"_blank\">https:\/\/docs.google.com\/forms\/d\/e\/1FAIpQLSexTzx6Bo5RvJKs06ypo8V0SnW3Mj4LHQfR0nZPWcpFAq5zEg\/viewform?usp=sf_link<\/a>\u00a0<\/p>\n\n\n\n<div class=\"wp-block-file\"><a href=\"https:\/\/ijp.uw.edu.pl\/wp-content\/uploads\/2025\/03\/7-Konferencja-Nazewnicza-Komunikat-1-OSTATECZNY-skompresowany.pdf\">7-Konferencja-Nazewnicza-Komunikat-1<\/a><a href=\"https:\/\/ijp.uw.edu.pl\/wp-content\/uploads\/2025\/03\/7-Konferencja-Nazewnicza-Komunikat-1-OSTATECZNY-skompresowany.pdf\" class=\"wp-block-file__button\" download>Pobierz<\/a><\/div>\n\n\n\n<p><\/p>\n","protected":false},"excerpt":{"rendered":"<p>Serdecznie zapraszamy do wzi\u0119cia udzia\u0142u w\u00a07. Nazewniczej Konferencji Naukowej\u00a0\u201e\u015alady, przypadki, drogowskazy\u201d, kt\u00f3ra odb\u0119dzie si\u0119\u00a026-28 maja br.\u00a0w Warszawie (przewidziana jest tak\u017ce transmisja online). Konferencja jest organizowana przez warszawski Zesp\u00f3\u0142 Nazewnictwa Miejskiego,&hellip;<\/p>\n","protected":false},"author":1,"featured_media":0,"comment_status":"closed","ping_status":"closed","sticky":false,"template":"","format":"standard","meta":[],"categories":[33,31],"tags":[],"_links":{"self":[{"href":"https:\/\/ijp.uw.edu.pl\/index.php\/wp-json\/wp\/v2\/posts\/1691"}],"collection":[{"href":"https:\/\/ijp.uw.edu.pl\/index.php\/wp-json\/wp\/v2\/posts"}],"about":[{"href":"https:\/\/ijp.uw.edu.pl\/index.php\/wp-json\/wp\/v2\/types\/post"}],"author":[{"embeddable":true,"href":"https:\/\/ijp.uw.edu.pl\/index.php\/wp-json\/wp\/v2\/users\/1"}],"replies":[{"embeddable":true,"href":"https:\/\/ijp.uw.edu.pl\/index.php\/wp-json\/wp\/v2\/comments?post=1691"}],"version-history":[{"count":2,"href":"https:\/\/ijp.uw.edu.pl\/index.php\/wp-json\/wp\/v2\/posts\/1691\/revisions"}],"predecessor-version":[{"id":1694,"href":"https:\/\/ijp.uw.edu.pl\/index.php\/wp-json\/wp\/v2\/posts\/1691\/revisions\/1694"}],"wp:attachment":[{"href":"https:\/\/ijp.uw.edu.pl\/index.php\/wp-json\/wp\/v2\/media?parent=1691"}],"wp:term":[{"taxonomy":"category","embeddable":true,"href":"https:\/\/ijp.uw.edu.pl\/index.php\/wp-json\/wp\/v2\/categories?post=1691"},{"taxonomy":"post_tag","embeddable":true,"href":"https:\/\/ijp.uw.edu.pl\/index.php\/wp-json\/wp\/v2\/tags?post=1691"}],"curies":[{"name":"wp","href":"https:\/\/api.w.org\/{rel}","templated":true}]}}