{"id":1790,"date":"2025-09-23T19:44:51","date_gmt":"2025-09-23T17:44:51","guid":{"rendered":"http:\/\/ijp.uw.edu.pl\/?p=1790"},"modified":"2025-09-23T19:44:51","modified_gmt":"2025-09-23T17:44:51","slug":"konferencja-slowa-klucze","status":"publish","type":"post","link":"https:\/\/ijp.uw.edu.pl\/index.php\/2025\/09\/23\/konferencja-slowa-klucze\/","title":{"rendered":"Konferencja \u201eS\u0142owa klucze\u201d"},"content":{"rendered":"\n<p>Szanowni Pa\u0144stwo,<\/p>\n\n\n\n<p>zach\u0119camy do udzia\u0142u w kolejnej konferencji &#8222;S\u0142owa klucze&#8221;.<br>Szczeg\u00f3\u0142y znajd\u0105 Pa\u0144stwo pod linkiem: <a href=\"https:\/\/www.fundacjajezykapolskiego.pl\/slowa-klucze-edycja-2025-pl\/\">https:\/\/www.fundacjajezykapolskiego.pl\/slowa-klucze-edycja-2025-pl\/<\/a><\/p>\n\n\n\n<p>Wa\u017cne terminy:<br>termin nadsy\u0142ania zg\u0142osze\u0144: do 30.09.2025 r.<br>termin zawiadomienia o przyj\u0119ciu zg\u0142oszenia: do 18.10.2025 r.<br>konferencja: 12\u201313.12.2025 r.<br>Strona internetowa konferencji: <a href=\"http:\/\/www.fundacjajezykapolskiego.pl\/slowa-klucze\" data-type=\"URL\" data-id=\"www.fundacjajezykapolskiego.pl\/slowa-klucze\">www.fundacjajezykapolskiego.pl\/slowa-klucze<\/a><\/p>\n\n\n\n<p><\/p>\n","protected":false},"excerpt":{"rendered":"<p>Szanowni Pa\u0144stwo, zach\u0119camy do udzia\u0142u w kolejnej konferencji &#8222;S\u0142owa klucze&#8221;.Szczeg\u00f3\u0142y znajd\u0105 Pa\u0144stwo pod linkiem: https:\/\/www.fundacjajezykapolskiego.pl\/slowa-klucze-edycja-2025-pl\/ Wa\u017cne terminy:termin nadsy\u0142ania zg\u0142osze\u0144: do 30.09.2025 r.termin zawiadomienia o przyj\u0119ciu zg\u0142oszenia: do 18.10.2025 r.konferencja: 12\u201313.12.2025&hellip;<\/p>\n","protected":false},"author":1,"featured_media":0,"comment_status":"closed","ping_status":"closed","sticky":false,"template":"","format":"standard","meta":[],"categories":[33,31],"tags":[],"_links":{"self":[{"href":"https:\/\/ijp.uw.edu.pl\/index.php\/wp-json\/wp\/v2\/posts\/1790"}],"collection":[{"href":"https:\/\/ijp.uw.edu.pl\/index.php\/wp-json\/wp\/v2\/posts"}],"about":[{"href":"https:\/\/ijp.uw.edu.pl\/index.php\/wp-json\/wp\/v2\/types\/post"}],"author":[{"embeddable":true,"href":"https:\/\/ijp.uw.edu.pl\/index.php\/wp-json\/wp\/v2\/users\/1"}],"replies":[{"embeddable":true,"href":"https:\/\/ijp.uw.edu.pl\/index.php\/wp-json\/wp\/v2\/comments?post=1790"}],"version-history":[{"count":1,"href":"https:\/\/ijp.uw.edu.pl\/index.php\/wp-json\/wp\/v2\/posts\/1790\/revisions"}],"predecessor-version":[{"id":1791,"href":"https:\/\/ijp.uw.edu.pl\/index.php\/wp-json\/wp\/v2\/posts\/1790\/revisions\/1791"}],"wp:attachment":[{"href":"https:\/\/ijp.uw.edu.pl\/index.php\/wp-json\/wp\/v2\/media?parent=1790"}],"wp:term":[{"taxonomy":"category","embeddable":true,"href":"https:\/\/ijp.uw.edu.pl\/index.php\/wp-json\/wp\/v2\/categories?post=1790"},{"taxonomy":"post_tag","embeddable":true,"href":"https:\/\/ijp.uw.edu.pl\/index.php\/wp-json\/wp\/v2\/tags?post=1790"}],"curies":[{"name":"wp","href":"https:\/\/api.w.org\/{rel}","templated":true}]}}