{"id":559,"date":"2021-01-05T20:18:07","date_gmt":"2021-01-05T19:18:07","guid":{"rendered":"http:\/\/ijp.uw.edu.pl\/?p=559"},"modified":"2021-01-05T20:18:49","modified_gmt":"2021-01-05T19:18:49","slug":"slowo-roku-2020","status":"publish","type":"post","link":"https:\/\/ijp.uw.edu.pl\/index.php\/2021\/01\/05\/slowo-roku-2020\/","title":{"rendered":"S\u0142owo roku 2020"},"content":{"rendered":"\n<p>Og\u0142oszono <a rel=\"noreferrer noopener\" href=\"http:\/\/www.slowanaczasie.uw.edu.pl\/relacja-z-ogloszenia-slowa-roku-2020\/\" data-type=\"URL\" data-id=\"http:\/\/www.slowanaczasie.uw.edu.pl\/relacja-z-ogloszenia-slowa-roku-2020\/\" target=\"_blank\">wyniki plebiscytu<\/a> na S\u0142owo roku 2020. Zar\u00f3wno internauci, jak i kapitu\u0142a wybrali w tym roku s\u0142owo <em>koronawirus. <\/em>Na drugim miejscu znalaz\u0142o si\u0119 s\u0142owo <em>kobieta<\/em>, za\u015b na trzecim w g\u0142osowaniu internaut\u00f3w wygra\u0142o s\u0142owo <em>apostazja<\/em>, za\u015b kapitu\u0142a wybra\u0142a <em>pandemi\u0119<\/em>. S\u0142owem dekady zosta\u0142o s\u0142owo <em>500+<\/em>.<\/p>\n\n\n\n<p><gwmw style=\"display:none;\"><\/p>\n\n\n\n<div class=\"wp-block-image\"><figure class=\"aligncenter size-medium\"><img loading=\"lazy\" width=\"300\" height=\"201\" src=\"http:\/\/ijp.uw.edu.pl\/wp-content\/uploads\/2021\/01\/covid-4948866_640-300x201.jpg\" alt=\"\" class=\"wp-image-560\" srcset=\"https:\/\/ijp.uw.edu.pl\/wp-content\/uploads\/2021\/01\/covid-4948866_640-300x201.jpg 300w, https:\/\/ijp.uw.edu.pl\/wp-content\/uploads\/2021\/01\/covid-4948866_640-140x94.jpg 140w, https:\/\/ijp.uw.edu.pl\/wp-content\/uploads\/2021\/01\/covid-4948866_640.jpg 640w\" sizes=\"(max-width: 300px) 100vw, 300px\" \/><figcaption>Obraz\u00a0<a href=\"https:\/\/pixabay.com\/pl\/users\/miroslavachrienova-6238194\/?utm_source=link-attribution&amp;utm_medium=referral&amp;utm_campaign=image&amp;utm_content=4948866\">Miroslava Chrienova<\/a>\u00a0z\u00a0<a href=\"https:\/\/pixabay.com\/pl\/?utm_source=link-attribution&amp;utm_medium=referral&amp;utm_campaign=image&amp;utm_content=4948866\">Pixabay<\/a>\u00a0<gwmw style=\"display:none;\"><gwmw style=\"display:none;\"><\/figcaption><\/figure><\/div>\n","protected":false},"excerpt":{"rendered":"<p>Og\u0142oszono wyniki plebiscytu na S\u0142owo roku 2020. Zar\u00f3wno internauci, jak i kapitu\u0142a wybrali w tym roku s\u0142owo koronawirus. Na drugim miejscu znalaz\u0142o si\u0119 s\u0142owo kobieta, za\u015b na trzecim w g\u0142osowaniu&hellip;<\/p>\n","protected":false},"author":1,"featured_media":0,"comment_status":"closed","ping_status":"closed","sticky":false,"template":"","format":"standard","meta":[],"categories":[1],"tags":[],"_links":{"self":[{"href":"https:\/\/ijp.uw.edu.pl\/index.php\/wp-json\/wp\/v2\/posts\/559"}],"collection":[{"href":"https:\/\/ijp.uw.edu.pl\/index.php\/wp-json\/wp\/v2\/posts"}],"about":[{"href":"https:\/\/ijp.uw.edu.pl\/index.php\/wp-json\/wp\/v2\/types\/post"}],"author":[{"embeddable":true,"href":"https:\/\/ijp.uw.edu.pl\/index.php\/wp-json\/wp\/v2\/users\/1"}],"replies":[{"embeddable":true,"href":"https:\/\/ijp.uw.edu.pl\/index.php\/wp-json\/wp\/v2\/comments?post=559"}],"version-history":[{"count":3,"href":"https:\/\/ijp.uw.edu.pl\/index.php\/wp-json\/wp\/v2\/posts\/559\/revisions"}],"predecessor-version":[{"id":564,"href":"https:\/\/ijp.uw.edu.pl\/index.php\/wp-json\/wp\/v2\/posts\/559\/revisions\/564"}],"wp:attachment":[{"href":"https:\/\/ijp.uw.edu.pl\/index.php\/wp-json\/wp\/v2\/media?parent=559"}],"wp:term":[{"taxonomy":"category","embeddable":true,"href":"https:\/\/ijp.uw.edu.pl\/index.php\/wp-json\/wp\/v2\/categories?post=559"},{"taxonomy":"post_tag","embeddable":true,"href":"https:\/\/ijp.uw.edu.pl\/index.php\/wp-json\/wp\/v2\/tags?post=559"}],"curies":[{"name":"wp","href":"https:\/\/api.w.org\/{rel}","templated":true}]}}