{"id":584,"date":"2021-01-18T15:41:35","date_gmt":"2021-01-18T14:41:35","guid":{"rendered":"http:\/\/ijp.uw.edu.pl\/?p=584"},"modified":"2021-01-18T15:47:42","modified_gmt":"2021-01-18T14:47:42","slug":"jezyk-zwierciadlem-kultury","status":"publish","type":"post","link":"https:\/\/ijp.uw.edu.pl\/index.php\/2021\/01\/18\/jezyk-zwierciadlem-kultury\/","title":{"rendered":"J\u0119zyk zwierciad\u0142em kultury"},"content":{"rendered":"\n<p>W listopadzie 2020 r. ukaza\u0142a si\u0119 monografia\u00a0wieloautorska\u00a0\u00a0pt.\u00a0<em>J\u0119zyk zwierciad\u0142em kultury<\/em> pod redakcj\u0105 El\u017cbiety Wierzbickiej-Piotrowskiej. Jest to kolejny tom\u00a0\u00a0zawieraj\u0105cy zbi\u00f3r referat\u00f3w wyg\u0142aszanych na konferencjach naukowych organizowanych przez IJP wsp\u00f3lnie z TKJ i FJP w ramach projektu\u00a0<em>Dialog pokole\u0144<\/em>, stanowi\u0105cego cz\u0119\u015b\u0107 programu og\u0142oszonego przez Narodowe Centrum Kultury\u00a0<em>Ojczysty dodaj do ulubionych<\/em>.\u00a0Zach\u0119camy do lektury!<gwmw style=\"display:none;\"><\/p>\n\n\n\n<div class=\"wp-block-image\"><figure class=\"aligncenter size-large is-resized\"><img loading=\"lazy\" src=\"http:\/\/ijp.uw.edu.pl\/wp-content\/uploads\/2021\/01\/Jezyk-zwierciadlem-kultury-740x1024.jpg\" alt=\"\" class=\"wp-image-588\" width=\"370\" height=\"512\" srcset=\"https:\/\/ijp.uw.edu.pl\/wp-content\/uploads\/2021\/01\/Jezyk-zwierciadlem-kultury-740x1024.jpg 740w, https:\/\/ijp.uw.edu.pl\/wp-content\/uploads\/2021\/01\/Jezyk-zwierciadlem-kultury-217x300.jpg 217w, https:\/\/ijp.uw.edu.pl\/wp-content\/uploads\/2021\/01\/Jezyk-zwierciadlem-kultury-768x1063.jpg 768w, https:\/\/ijp.uw.edu.pl\/wp-content\/uploads\/2021\/01\/Jezyk-zwierciadlem-kultury-1110x1536.jpg 1110w, https:\/\/ijp.uw.edu.pl\/wp-content\/uploads\/2021\/01\/Jezyk-zwierciadlem-kultury-140x194.jpg 140w, https:\/\/ijp.uw.edu.pl\/wp-content\/uploads\/2021\/01\/Jezyk-zwierciadlem-kultury.jpg 1356w\" sizes=\"(max-width: 370px) 100vw, 370px\" \/><\/figure><\/div>\n\n\n\n<p><gwmw style=\"display:none;\"><gwmw style=\"display:none;\"><\/gwmw><\/p>\n\n\n\n<div class=\"wp-block-file\"><a href=\"http:\/\/ijp.uw.edu.pl\/wp-content\/uploads\/2021\/01\/Spis-tresci.pdf\">Spis tre\u015bci<\/a><a href=\"http:\/\/ijp.uw.edu.pl\/wp-content\/uploads\/2021\/01\/Spis-tresci.pdf\" class=\"wp-block-file__button\" download>Pobierz<\/a><\/div>\n","protected":false},"excerpt":{"rendered":"<p>W listopadzie 2020 r. ukaza\u0142a si\u0119 monografia\u00a0wieloautorska\u00a0\u00a0pt.\u00a0J\u0119zyk zwierciad\u0142em kultury pod redakcj\u0105 El\u017cbiety Wierzbickiej-Piotrowskiej. Jest to kolejny tom\u00a0\u00a0zawieraj\u0105cy zbi\u00f3r referat\u00f3w wyg\u0142aszanych na konferencjach naukowych organizowanych przez IJP wsp\u00f3lnie z TKJ i&hellip;<\/p>\n","protected":false},"author":1,"featured_media":0,"comment_status":"closed","ping_status":"closed","sticky":false,"template":"","format":"standard","meta":[],"categories":[13],"tags":[12,11],"_links":{"self":[{"href":"https:\/\/ijp.uw.edu.pl\/index.php\/wp-json\/wp\/v2\/posts\/584"}],"collection":[{"href":"https:\/\/ijp.uw.edu.pl\/index.php\/wp-json\/wp\/v2\/posts"}],"about":[{"href":"https:\/\/ijp.uw.edu.pl\/index.php\/wp-json\/wp\/v2\/types\/post"}],"author":[{"embeddable":true,"href":"https:\/\/ijp.uw.edu.pl\/index.php\/wp-json\/wp\/v2\/users\/1"}],"replies":[{"embeddable":true,"href":"https:\/\/ijp.uw.edu.pl\/index.php\/wp-json\/wp\/v2\/comments?post=584"}],"version-history":[{"count":3,"href":"https:\/\/ijp.uw.edu.pl\/index.php\/wp-json\/wp\/v2\/posts\/584\/revisions"}],"predecessor-version":[{"id":592,"href":"https:\/\/ijp.uw.edu.pl\/index.php\/wp-json\/wp\/v2\/posts\/584\/revisions\/592"}],"wp:attachment":[{"href":"https:\/\/ijp.uw.edu.pl\/index.php\/wp-json\/wp\/v2\/media?parent=584"}],"wp:term":[{"taxonomy":"category","embeddable":true,"href":"https:\/\/ijp.uw.edu.pl\/index.php\/wp-json\/wp\/v2\/categories?post=584"},{"taxonomy":"post_tag","embeddable":true,"href":"https:\/\/ijp.uw.edu.pl\/index.php\/wp-json\/wp\/v2\/tags?post=584"}],"curies":[{"name":"wp","href":"https:\/\/api.w.org\/{rel}","templated":true}]}}