{"id":730,"date":"2021-06-26T10:52:45","date_gmt":"2021-06-26T08:52:45","guid":{"rendered":"http:\/\/ijp.uw.edu.pl\/?p=730"},"modified":"2021-06-28T18:42:44","modified_gmt":"2021-06-28T16:42:44","slug":"program-nawa-spinaker-pomiedzy-slowami-szkola-historii-literatury-i-wiedzy-o-jezyku-polskim-dla-studentow-zagranicznych","status":"publish","type":"post","link":"https:\/\/ijp.uw.edu.pl\/index.php\/2021\/06\/26\/program-nawa-spinaker-pomiedzy-slowami-szkola-historii-literatury-i-wiedzy-o-jezyku-polskim-dla-studentow-zagranicznych\/","title":{"rendered":"Program NAWA \u2013 SPINAKER \u201ePomi\u0119dzy s\u0142owami\u201d \u2013 szko\u0142a historii literatury i wiedzy o j\u0119zyku polskim dla student\u00f3w zagranicznych"},"content":{"rendered":"\n<figure class=\"wp-block-image size-full is-resized\"><img loading=\"lazy\" src=\"http:\/\/ijp.uw.edu.pl\/wp-content\/uploads\/2021\/06\/nawa.obrazki.jpg\" alt=\"\" class=\"wp-image-731\" width=\"667\" height=\"104\"\/><\/figure>\n\n\n\n<p class=\"has-text-align-left\">Informujemy, \u017ce na Wydziale Polonistyki UW (w Instytucie Literatury Polskiej i Instytucie&nbsp;J\u0119zyka Polskiego) od&nbsp;<strong>1 lipca br.<\/strong>&nbsp;realizowany b\u0119dzie&nbsp;<strong>program NAWA \u2013<\/strong>&nbsp;<strong>SPINAKER (\u201ePomi\u0119dzy s\u0142owami\u201d \u2013 szko\u0142a historii literatury i wiedzy o j\u0119zyku polskim dla student\u00f3w zagranicznych&#8221;)<\/strong>. Program jest wsp\u00f3\u0142finansowany ze \u015brodk\u00f3w Europejskiego Funduszu Spo\u0142ecznego w ramach&nbsp;Programu Operacyjnego Wiedza Edukacja Rozw\u00f3j, w projekcie pozakonkursowym pt. \u201eWsparcie zdolno\u015bci instytucjonalnej polskich uczelni poprzez tworzenie i realizacj\u0119 mi\u0119dzynarodowych program\u00f3w studi\u00f3w\u201d (Dzia\u0142anie 3.3. Umi\u0119dzynarodowienie polskiego szkolnictwa wy\u017cszego), okre\u015blony we wniosku o dofinansowanie projektu nr POWR.03.03.00-00-PN 16\/18).<gwmw style=\"display:none;\"><gwmw style=\"display:none;\"><\/gwmw><\/gwmw><\/p>\n\n\n\n<p>Celem projektu b\u0119dzie utworzenie nowego intensywnego mi\u0119dzynarodowego programu kszta\u0142cenia i organizacja szko\u0142y historii literatury i wiedzy o j\u0119zyku polskim dla student\u00f3w zagranicznych (studi\u00f3w I-II stopnia). Zaj\u0119cia w j\u0119zyku angielskim odb\u0119d\u0105 si\u0119 w dw\u00f3ch sesjach: zimowej (wy\u0142\u0105cznie online 22.11-5.12.2021) i letniej (online: 25-29.05 i onsite: 9-13.05.2022). Uczestnicy projektu otrzymaj\u0105 stypendia (w wysoko\u015bci ok. 1&nbsp;400 EUR) pozwalaj\u0105ce na refundacj\u0119 koszt\u00f3w podr\u00f3\u017cy, zakwaterowania i wy\u017cywienia.<\/p>\n\n\n\n<p>Planowane efekty: podniesienie poziomu nauczania zdalnego, umi\u0119dzynarodowienie programu kszta\u0142cenia w Instytucie Literatury Polskiej i Instytucie J\u0119zyka Polskiego, zainteresowanie student\u00f3w zagranicznych ofert\u0105 dydaktyczn\u0105 Wydzia\u0142u Polonistyki i wzmocnienie jego pozycji w zakresie studi\u00f3w nad kultur\u0105 polsk\u0105 oraz przygotowanie infrastruktury dla podobnych dzia\u0142a\u0144 w przysz\u0142o\u015bci.<\/p>\n\n\n\n<p>Zesp\u00f3\u0142:<\/p>\n\n\n\n<ul><li>Dr Marcin B\u0119dkowski<\/li><li>Dr Magdalena Cabaj<\/li><li>Dr hab. Magdalena Derwojedowa<\/li><li>Dr Marta Falkowska<\/li><li>Dr hab. Alina Molisak<\/li><li>Mgr Katarzyna Muszy\u0144ska<\/li><li>Dr hab. Marta Wojtkowska-Maksymik<\/li><li>Dr hab. Magdalena Zawis\u0142awska<\/li><\/ul>\n\n\n\n<p>Wk\u0142ad Funduszy Europejskich: 310&nbsp;250 PLN.<\/p>\n\n\n\n<p>Rekrutacja uczestnik\u00f3w:&nbsp;20.09-22.10.2021.&nbsp;Wi\u0119cej informacji na stronie www projektu, kt\u00f3ra b\u0119dzie dost\u0119pna od 1 wrze\u015bnia!<\/p>\n\n\n\n<p>Kontakt: Dr hab. Marta Wojtkowska-Maksymik,&nbsp;<a href=\"mailto:m.wojtkowska-maksymik@uw.edu.pl\">m.wojtkowska-maksymik@uw.edu.pl<\/a>&nbsp;\u2013 koordynator projektu<\/p>\n\n\n\n<figure class=\"wp-block-gallery columns-1\"><ul class=\"blocks-gallery-grid\"><li class=\"blocks-gallery-item\"><figure><img loading=\"lazy\" width=\"164\" height=\"124\" src=\"http:\/\/ijp.uw.edu.pl\/wp-content\/uploads\/2021\/06\/spinaker.png\" alt=\"\" data-id=\"732\" data-full-url=\"http:\/\/ijp.uw.edu.pl\/wp-content\/uploads\/2021\/06\/spinaker.png\" data-link=\"http:\/\/ijp.uw.edu.pl\/?attachment_id=732\" class=\"wp-image-732\" srcset=\"https:\/\/ijp.uw.edu.pl\/wp-content\/uploads\/2021\/06\/spinaker.png 164w, https:\/\/ijp.uw.edu.pl\/wp-content\/uploads\/2021\/06\/spinaker-140x106.png 140w\" sizes=\"(max-width: 164px) 100vw, 164px\" \/><\/figure><\/li><\/ul><\/figure>\n\n\n\n<div class=\"wp-block-columns\">\n<div class=\"wp-block-column\">\n<figure class=\"wp-block-image size-medium is-resized is-style-default\"><img loading=\"lazy\" src=\"http:\/\/ijp.uw.edu.pl\/wp-content\/uploads\/2021\/06\/ILP2.nowy_-300x124.png\" alt=\"\" class=\"wp-image-743\" width=\"300\" height=\"124\" srcset=\"https:\/\/ijp.uw.edu.pl\/wp-content\/uploads\/2021\/06\/ILP2.nowy_-300x124.png 300w, https:\/\/ijp.uw.edu.pl\/wp-content\/uploads\/2021\/06\/ILP2.nowy_-140x58.png 140w, https:\/\/ijp.uw.edu.pl\/wp-content\/uploads\/2021\/06\/ILP2.nowy_.png 425w\" sizes=\"(max-width: 300px) 100vw, 300px\" \/><\/figure>\n<\/div>\n\n\n\n<div class=\"wp-block-column\">\n<figure class=\"wp-block-image size-medium is-resized is-style-default\"><img loading=\"lazy\" width=\"238\" height=\"300\" src=\"http:\/\/ijp.uw.edu.pl\/wp-content\/uploads\/2020\/10\/ijp.logo_.poprawione-238x300.jpg\" alt=\"\" class=\"wp-image-150\" srcset=\"https:\/\/ijp.uw.edu.pl\/wp-content\/uploads\/2020\/10\/ijp.logo_.poprawione-238x300.jpg 238w, https:\/\/ijp.uw.edu.pl\/wp-content\/uploads\/2020\/10\/ijp.logo_.poprawione-140x177.jpg 140w, https:\/\/ijp.uw.edu.pl\/wp-content\/uploads\/2020\/10\/ijp.logo_.poprawione.jpg 640w\" sizes=\"(max-width: 238px) 100vw, 238px\" \/><figcaption><gwmw style=\"display:none;\"><\/gwmw><\/figcaption><\/figure>\n<\/div>\n<\/div>\n\n\n\n<h2>English version<gwmw style=\"display:none;\"><\/gwmw><\/h2>\n\n\n\n<p>We would like to inform you that the NAWA &#8211; SPINAKER programme (&#8222;Pomi\u0119dzy s\u0142owami&#8221; &#8211; school of&nbsp;literature,&nbsp;history, and knowledge of Polish language for foreign students) will be implemented at the Faculty of Polish Studies of the University of Warsaw (Institute of Polish Literature and Institute of Polish Language) from the 1st of July this year. The programme is co-financed by the European Social Fund within the framework of the Operational Programme Knowledge Education Development, a&nbsp;non-competitive&nbsp;project entitled &#8221; Supporting&nbsp;the institutional&nbsp;capacity of Polish higher education institutions through the creation and implementation of international study programs\u201d (Action 3.3. Internationalization of Polish higher education), specified in the application for project co-financing No. POWR.03.03.00-00-PN 16\/18).<\/p>\n\n\n\n<p>The project objectives will be to create a new intensive international educational programme and to organize a school of&nbsp;history&nbsp;of literature and knowledge of Polish language for foreign students (undergraduate and postgraduate). Classes in English will be held in two sessions: winter (online: 22.11-5.12.2021) and summer (online: 25-29.05 and onsite: 9-13.05.2022). Participants will receive scholarships (of about EUR 1,400) to reimburse travel,&nbsp;accommodation,&nbsp;and food costs.<\/p>\n\n\n\n<p>Planned effects: raising the level of remote teaching, internationalization of the teaching programme at the Institute of Polish Literature and the Institute of Polish Language, attracting foreign students to the teaching offer of the Faculty of Polish Studies and strengthening its position in the field of Polish culture studies, preparing the infrastructure for similar activities in the future.<\/p>\n\n\n\n<p>Academic team:<\/p>\n\n\n\n<ul><li>PhD Marcin B\u0119dkowski<\/li><li>PhD Magdalena Cabaj<\/li><li>Prof. Magdalena Derwojedowa<\/li><li>PhD Marta Falkowska<\/li><li>Prof. Alina Molisak<\/li><li>MA Katarzyna Muszy\u0144ska<\/li><li>Prof. Marta Wojtkowska-Maksymik<\/li><li>Prof. Magdalena Zawis\u0142awska<\/li><\/ul>\n\n\n\n<p>European Funds contribution: 310 250 PLN.<\/p>\n\n\n\n<p>Recruitment of participants: 20.09-22.10.2021. More information on the project website, which will be available from 1 September!<\/p>\n\n\n\n<p>Contact: Prof. Marta Wojtkowska-Maksymik,&nbsp;<a href=\"mailto:m.wojtkowska-maksymik@uw.edu.pl\">m.wojtkowska-maksymik@uw.edu.pl<\/a>&nbsp;\u2013 Project Coordinator<gwmw style=\"display:none;\"><gwmw style=\"display:none;\"><\/gwmw><\/gwmw><\/p>\n\n\n\n<p><\/p>\n","protected":false},"excerpt":{"rendered":"<p>Informujemy, \u017ce na Wydziale Polonistyki UW (w Instytucie Literatury Polskiej i Instytucie&nbsp;J\u0119zyka Polskiego) od&nbsp;1 lipca br.&nbsp;realizowany b\u0119dzie&nbsp;program NAWA \u2013&nbsp;SPINAKER (\u201ePomi\u0119dzy s\u0142owami\u201d \u2013 szko\u0142a historii literatury i wiedzy o j\u0119zyku polskim&hellip;<\/p>\n","protected":false},"author":1,"featured_media":0,"comment_status":"closed","ping_status":"closed","sticky":false,"template":"","format":"standard","meta":[],"categories":[19,32,31],"tags":[],"_links":{"self":[{"href":"https:\/\/ijp.uw.edu.pl\/index.php\/wp-json\/wp\/v2\/posts\/730"}],"collection":[{"href":"https:\/\/ijp.uw.edu.pl\/index.php\/wp-json\/wp\/v2\/posts"}],"about":[{"href":"https:\/\/ijp.uw.edu.pl\/index.php\/wp-json\/wp\/v2\/types\/post"}],"author":[{"embeddable":true,"href":"https:\/\/ijp.uw.edu.pl\/index.php\/wp-json\/wp\/v2\/users\/1"}],"replies":[{"embeddable":true,"href":"https:\/\/ijp.uw.edu.pl\/index.php\/wp-json\/wp\/v2\/comments?post=730"}],"version-history":[{"count":15,"href":"https:\/\/ijp.uw.edu.pl\/index.php\/wp-json\/wp\/v2\/posts\/730\/revisions"}],"predecessor-version":[{"id":756,"href":"https:\/\/ijp.uw.edu.pl\/index.php\/wp-json\/wp\/v2\/posts\/730\/revisions\/756"}],"wp:attachment":[{"href":"https:\/\/ijp.uw.edu.pl\/index.php\/wp-json\/wp\/v2\/media?parent=730"}],"wp:term":[{"taxonomy":"category","embeddable":true,"href":"https:\/\/ijp.uw.edu.pl\/index.php\/wp-json\/wp\/v2\/categories?post=730"},{"taxonomy":"post_tag","embeddable":true,"href":"https:\/\/ijp.uw.edu.pl\/index.php\/wp-json\/wp\/v2\/tags?post=730"}],"curies":[{"name":"wp","href":"https:\/\/api.w.org\/{rel}","templated":true}]}}