{"id":844,"date":"2021-11-04T12:05:19","date_gmt":"2021-11-04T11:05:19","guid":{"rendered":"http:\/\/ijp.uw.edu.pl\/?p=844"},"modified":"2021-11-04T12:05:19","modified_gmt":"2021-11-04T11:05:19","slug":"v-ogolnopolska-konferencja-naukowa-komunikacja-w-medycynie","status":"publish","type":"post","link":"https:\/\/ijp.uw.edu.pl\/index.php\/2021\/11\/04\/v-ogolnopolska-konferencja-naukowa-komunikacja-w-medycynie\/","title":{"rendered":"V Og\u00f3lnopolska Konferencja Naukowa \u201eKomunikacja w medycynie\u201d"},"content":{"rendered":"\n<p>Zapraszamy na V Og\u00f3lnopolsk\u0105 Konferencj\u0119 Naukow\u0105 &#8222;Komunikacja w medycynie&#8221;, kt\u00f3ra odb\u0119dzie si\u0119 26-27 listopada 2021 r. na Warszawskim Uniwersytecie Medycznym oraz na platformie MS Teams. Aby wzi\u0105\u0107 udzia\u0142 w konferencji, do 10 listopada nale\u017cy wype\u0142ni\u0107 formularz rejestracyjny dost\u0119pny na stronie:<\/p>\n\n\n\n<p><a rel=\"noreferrer noopener\" href=\"https:\/\/komunikacjawmedycynie.wum.edu.pl\/content\/formularz-rejestracyjny\" target=\"_blank\">https:\/\/komunikacjawmedycynie.wum.edu.pl\/content\/formularz-rejestracyjny<\/a><\/p>\n\n\n\n<figure class=\"wp-block-image size-large\"><img loading=\"lazy\" width=\"717\" height=\"1024\" src=\"http:\/\/ijp.uw.edu.pl\/wp-content\/uploads\/2021\/11\/PLAKAT_V_Komunikacja-w-medycynie-717x1024.jpg\" alt=\"\" class=\"wp-image-845\" srcset=\"https:\/\/ijp.uw.edu.pl\/wp-content\/uploads\/2021\/11\/PLAKAT_V_Komunikacja-w-medycynie-717x1024.jpg 717w, https:\/\/ijp.uw.edu.pl\/wp-content\/uploads\/2021\/11\/PLAKAT_V_Komunikacja-w-medycynie-210x300.jpg 210w, https:\/\/ijp.uw.edu.pl\/wp-content\/uploads\/2021\/11\/PLAKAT_V_Komunikacja-w-medycynie-768x1097.jpg 768w, https:\/\/ijp.uw.edu.pl\/wp-content\/uploads\/2021\/11\/PLAKAT_V_Komunikacja-w-medycynie-1075x1536.jpg 1075w, https:\/\/ijp.uw.edu.pl\/wp-content\/uploads\/2021\/11\/PLAKAT_V_Komunikacja-w-medycynie-1434x2048.jpg 1434w, https:\/\/ijp.uw.edu.pl\/wp-content\/uploads\/2021\/11\/PLAKAT_V_Komunikacja-w-medycynie-140x200.jpg 140w, https:\/\/ijp.uw.edu.pl\/wp-content\/uploads\/2021\/11\/PLAKAT_V_Komunikacja-w-medycynie-scaled.jpg 1792w\" sizes=\"(max-width: 717px) 100vw, 717px\" \/><\/figure>\n","protected":false},"excerpt":{"rendered":"<p>Zapraszamy na V Og\u00f3lnopolsk\u0105 Konferencj\u0119 Naukow\u0105 &#8222;Komunikacja w medycynie&#8221;, kt\u00f3ra odb\u0119dzie si\u0119 26-27 listopada 2021 r. na Warszawskim Uniwersytecie Medycznym oraz na platformie MS Teams. Aby wzi\u0105\u0107 udzia\u0142 w konferencji,&hellip;<\/p>\n","protected":false},"author":1,"featured_media":0,"comment_status":"closed","ping_status":"closed","sticky":false,"template":"","format":"standard","meta":[],"categories":[1],"tags":[],"_links":{"self":[{"href":"https:\/\/ijp.uw.edu.pl\/index.php\/wp-json\/wp\/v2\/posts\/844"}],"collection":[{"href":"https:\/\/ijp.uw.edu.pl\/index.php\/wp-json\/wp\/v2\/posts"}],"about":[{"href":"https:\/\/ijp.uw.edu.pl\/index.php\/wp-json\/wp\/v2\/types\/post"}],"author":[{"embeddable":true,"href":"https:\/\/ijp.uw.edu.pl\/index.php\/wp-json\/wp\/v2\/users\/1"}],"replies":[{"embeddable":true,"href":"https:\/\/ijp.uw.edu.pl\/index.php\/wp-json\/wp\/v2\/comments?post=844"}],"version-history":[{"count":1,"href":"https:\/\/ijp.uw.edu.pl\/index.php\/wp-json\/wp\/v2\/posts\/844\/revisions"}],"predecessor-version":[{"id":846,"href":"https:\/\/ijp.uw.edu.pl\/index.php\/wp-json\/wp\/v2\/posts\/844\/revisions\/846"}],"wp:attachment":[{"href":"https:\/\/ijp.uw.edu.pl\/index.php\/wp-json\/wp\/v2\/media?parent=844"}],"wp:term":[{"taxonomy":"category","embeddable":true,"href":"https:\/\/ijp.uw.edu.pl\/index.php\/wp-json\/wp\/v2\/categories?post=844"},{"taxonomy":"post_tag","embeddable":true,"href":"https:\/\/ijp.uw.edu.pl\/index.php\/wp-json\/wp\/v2\/tags?post=844"}],"curies":[{"name":"wp","href":"https:\/\/api.w.org\/{rel}","templated":true}]}}