{"id":869,"date":"2021-11-26T23:28:24","date_gmt":"2021-11-26T22:28:24","guid":{"rendered":"http:\/\/ijp.uw.edu.pl\/?p=869"},"modified":"2021-11-26T23:28:57","modified_gmt":"2021-11-26T22:28:57","slug":"zaproszenie-na-konwersatorium-dociekania-semantyczne","status":"publish","type":"post","link":"https:\/\/ijp.uw.edu.pl\/index.php\/2021\/11\/26\/zaproszenie-na-konwersatorium-dociekania-semantyczne\/","title":{"rendered":"Zaproszenie na konwersatorium \u201eDociekania semantyczne\u201d"},"content":{"rendered":"\n<p>W imieniu pani profesor Krystyny Waszakowej serdecznie zapraszamy na najbli\u017csze \u015brodowe konwersatorium &#8222;Dociekania semantyczne&#8221;,<strong>\u00a01 XII, o godz.\u00a011.30-13<\/strong>, na kt\u00f3rym dr\u00a0Agnieszka Mierzwi\u0144ska-Hajnos z\u00a0Zak\u0142adu Lingwistyki Stosowanej, Instytutu Neofilologii\u00a0UMCS-u wyg\u0142osi referat pt.\u00a0\u00a0<strong><em>Efekt<\/em>\u00a0<em>\u2018uwypuklania\u2019 i \u2018ukrywania\u2019 w przekazie\u00a0multimodalnym. Analiza wybranych reklam produkt\u00f3w leczniczych\u00a0z wykorzystaniem teorii integracji poj\u0119ciowej.<\/em><\/strong><\/p>\n\n\n\n<p>Join Zoom Meeting<\/p>\n\n\n\n<p><a href=\"https:\/\/us02web.zoom.us\/j\/83673811265?pwd=bHYvWG14MVBFVWE3c1dxVlVQNzdLdz09\">https:\/\/us02web.zoom.us\/j\/83673811265?pwd=bHYvWG14MVBFVWE3c1dxVlVQNzdLdz09<\/a><\/p>\n\n\n\n<p>Streszczenie wyst\u0105pienia<\/p>\n\n\n\n<p>Niniejsza prezentacja stawia dwa cele. Po pierwsze, pod\u0105\u017caj\u0105c za stwierdzeniem, wed\u0142ug kt\u00f3rego ostateczne znaczenie ka\u017cdego przekazu multimodalnego jest czym\u015b wi\u0119cej ni\u017c tylko sum\u0105 r\u00f3\u017cnych modalno\u015bci (modus\u00f3w, por. Ma\u0107kiewicz 2017), autorka stara si\u0119 dowie\u015b\u0107, i\u017c wiele z proponowanych obecnie reklam farmaceutycznych mo\u017cna interpretowa\u0107 jako multimodalne amalgamaty (Fauconnier i Turner 2002, zob. tak\u017ce Winiarska 2016). Po drugie, zak\u0142adaj\u0105c, \u017ce ka\u017cdy udany przekaz multimodalny mo\u017ce zosta\u0107 osi\u0105gni\u0119ty \u201eza pomoc\u0105 r\u00f3\u017cnych modalno\u015bci, kt\u00f3re wsp\u00f3\u0142tworz\u0105 dany komunikat zar\u00f3wno oddzielnie jak i jednocze\u015bnie\u201d (Pinar Sanz 2015:1, zob. tak\u017ce Kress i van Leeuven 2001, P\u00e9rez-Sobrino 2017) oraz przyjmuj\u0105c, i\u017c multimodalna komunikacja nie faworyzuje \u017cadnej z modalno\u015bci, lecz mo\u017ce czasem wysuwa\u0107 jedn\u0105 z nich na pierwszy plan \u00a0(Winiarska i Za\u0142azi\u0144ska 2017), autorka stawia pytanie, w jakim stopniu integracja r\u00f3\u017cnych modalno\u015bci pojawiaj\u0105cych si\u0119 w komunikacie multimodalnym mo\u017ce by\u0107 interpretowana za pomoc\u0105 dw\u00f3ch poj\u0119\u0107, \u2018uwypuklania\u2019 i \u2018ukrywania\u2019, w rozumieniu Lakoffa i Johnsona (1980).<\/p>\n\n\n\n<p>Bibliografia na <a href=\"http:\/\/zbg.polon.uw.edu.pl\/index.php\/zajecia-dydaktyczne\/konwersatorium-dociekania-semantyczne\/\" data-type=\"URL\" data-id=\"http:\/\/zbg.polon.uw.edu.pl\/index.php\/zajecia-dydaktyczne\/konwersatorium-dociekania-semantyczne\/\" target=\"_blank\" rel=\"noreferrer noopener\">stronie<\/a> ZGPSWJP. <\/p>\n","protected":false},"excerpt":{"rendered":"<p>W imieniu pani profesor Krystyny Waszakowej serdecznie zapraszamy na najbli\u017csze \u015brodowe konwersatorium &#8222;Dociekania semantyczne&#8221;,\u00a01 XII, o godz.\u00a011.30-13, na kt\u00f3rym dr\u00a0Agnieszka Mierzwi\u0144ska-Hajnos z\u00a0Zak\u0142adu Lingwistyki Stosowanej, Instytutu Neofilologii\u00a0UMCS-u wyg\u0142osi referat pt.\u00a0\u00a0Efekt\u00a0\u2018uwypuklania\u2019 i&hellip;<\/p>\n","protected":false},"author":1,"featured_media":0,"comment_status":"closed","ping_status":"closed","sticky":false,"template":"","format":"standard","meta":[],"categories":[19,32,31],"tags":[],"_links":{"self":[{"href":"https:\/\/ijp.uw.edu.pl\/index.php\/wp-json\/wp\/v2\/posts\/869"}],"collection":[{"href":"https:\/\/ijp.uw.edu.pl\/index.php\/wp-json\/wp\/v2\/posts"}],"about":[{"href":"https:\/\/ijp.uw.edu.pl\/index.php\/wp-json\/wp\/v2\/types\/post"}],"author":[{"embeddable":true,"href":"https:\/\/ijp.uw.edu.pl\/index.php\/wp-json\/wp\/v2\/users\/1"}],"replies":[{"embeddable":true,"href":"https:\/\/ijp.uw.edu.pl\/index.php\/wp-json\/wp\/v2\/comments?post=869"}],"version-history":[{"count":1,"href":"https:\/\/ijp.uw.edu.pl\/index.php\/wp-json\/wp\/v2\/posts\/869\/revisions"}],"predecessor-version":[{"id":870,"href":"https:\/\/ijp.uw.edu.pl\/index.php\/wp-json\/wp\/v2\/posts\/869\/revisions\/870"}],"wp:attachment":[{"href":"https:\/\/ijp.uw.edu.pl\/index.php\/wp-json\/wp\/v2\/media?parent=869"}],"wp:term":[{"taxonomy":"category","embeddable":true,"href":"https:\/\/ijp.uw.edu.pl\/index.php\/wp-json\/wp\/v2\/categories?post=869"},{"taxonomy":"post_tag","embeddable":true,"href":"https:\/\/ijp.uw.edu.pl\/index.php\/wp-json\/wp\/v2\/tags?post=869"}],"curies":[{"name":"wp","href":"https:\/\/api.w.org\/{rel}","templated":true}]}}